{"id":28286,"date":"2024-01-08T15:42:53","date_gmt":"2024-01-08T15:42:53","guid":{"rendered":"https:\/\/eurodirections.com\/ferias-europeas-de-turismo-2024\/"},"modified":"2024-01-08T18:06:13","modified_gmt":"2024-01-08T18:06:13","slug":"ferias-europeas-de-turismo-2024","status":"publish","type":"post","link":"https:\/\/eurodirections.com\/es\/ferias-europeas-de-turismo-2024\/","title":{"rendered":"Ferias europeas de turismo 2024"},"content":{"rendered":"<div id=\"ez-toc-container\" class=\"ez-toc-v2_0_82_2 counter-hierarchy ez-toc-counter ez-toc-grey ez-toc-container-direction\">\n<div class=\"ez-toc-title-container\">\n<p class=\"ez-toc-title\" style=\"cursor:inherit\">Table of Contents<\/p>\n<span class=\"ez-toc-title-toggle\"><a href=\"#\" class=\"ez-toc-pull-right ez-toc-btn ez-toc-btn-xs ez-toc-btn-default ez-toc-toggle\" aria-label=\"Alternar tabla de contenidos\"><span class=\"ez-toc-js-icon-con\"><span class=\"\"><span class=\"eztoc-hide\" style=\"display:none;\">Toggle<\/span><span class=\"ez-toc-icon-toggle-span\"><svg style=\"fill: #999;color:#999\" xmlns=\"http:\/\/www.w3.org\/2000\/svg\" class=\"list-377408\" width=\"20px\" height=\"20px\" viewBox=\"0 0 24 24\" fill=\"none\"><path d=\"M6 6H4v2h2V6zm14 0H8v2h12V6zM4 11h2v2H4v-2zm16 0H8v2h12v-2zM4 16h2v2H4v-2zm16 0H8v2h12v-2z\" fill=\"currentColor\"><\/path><\/svg><svg style=\"fill: #999;color:#999\" class=\"arrow-unsorted-368013\" xmlns=\"http:\/\/www.w3.org\/2000\/svg\" width=\"10px\" height=\"10px\" viewBox=\"0 0 24 24\" version=\"1.2\" baseProfile=\"tiny\"><path d=\"M18.2 9.3l-6.2-6.3-6.2 6.3c-.2.2-.3.4-.3.7s.1.5.3.7c.2.2.4.3.7.3h11c.3 0 .5-.1.7-.3.2-.2.3-.5.3-.7s-.1-.5-.3-.7zM5.8 14.7l6.2 6.3 6.2-6.3c.2-.2.3-.5.3-.7s-.1-.5-.3-.7c-.2-.2-.4-.3-.7-.3h-11c-.3 0-.5.1-.7.3-.2.2-.3.5-.3.7s.1.5.3.7z\"\/><\/svg><\/span><\/span><\/span><\/a><\/span><\/div>\n<nav><ul class='ez-toc-list ez-toc-list-level-1 eztoc-toggle-hide-by-default' ><li class='ez-toc-page-1 ez-toc-heading-level-2'><a class=\"ez-toc-link ez-toc-heading-1\" href=\"https:\/\/eurodirections.com\/es\/ferias-europeas-de-turismo-2024\/#Vakantiebeurs-2024\" >Vakantiebeurs 2024<\/a><\/li><li class='ez-toc-page-1 ez-toc-heading-level-2'><a class=\"ez-toc-link ez-toc-heading-2\" href=\"https:\/\/eurodirections.com\/es\/ferias-europeas-de-turismo-2024\/#Vakantiebeurs-2024-2\" >Vakantiebeurs 2024<\/a><\/li><li class='ez-toc-page-1 ez-toc-heading-level-2'><a class=\"ez-toc-link ez-toc-heading-3\" href=\"https:\/\/eurodirections.com\/es\/ferias-europeas-de-turismo-2024\/#Fitur-2024\" >Fitur 2024<\/a><\/li><li class='ez-toc-page-1 ez-toc-heading-level-2'><a class=\"ez-toc-link ez-toc-heading-4\" href=\"https:\/\/eurodirections.com\/es\/ferias-europeas-de-turismo-2024\/#FESPO-y-Golfmesse-Zurich-2024\" >FESPO y Golfmesse Z\u00farich 2024<\/a><\/li><li class='ez-toc-page-1 ez-toc-heading-level-2'><a class=\"ez-toc-link ez-toc-heading-5\" href=\"https:\/\/eurodirections.com\/es\/ferias-europeas-de-turismo-2024\/#Destinos-Salon-de-Vacaciones-y-Viajes-2024\" >Destinos: Sal\u00f3n de Vacaciones y Viajes 2024<\/a><\/li><li class='ez-toc-page-1 ez-toc-heading-level-2'><a class=\"ez-toc-link ez-toc-heading-6\" href=\"https:\/\/eurodirections.com\/es\/ferias-europeas-de-turismo-2024\/#free-2024-%E2%80%93-Feria-de-viajes-y-ocio\" >f.re.e 2024 &#8211; Feria de viajes y ocio<\/a><\/li><li class='ez-toc-page-1 ez-toc-heading-level-2'><a class=\"ez-toc-link ez-toc-heading-7\" href=\"https:\/\/eurodirections.com\/es\/ferias-europeas-de-turismo-2024\/#Caza-y-Pesca-de-Altura-2024\" >Caza y Pesca de Altura 2024<\/a><\/li><li class='ez-toc-page-1 ez-toc-heading-level-2'><a class=\"ez-toc-link ez-toc-heading-8\" href=\"https:\/\/eurodirections.com\/es\/ferias-europeas-de-turismo-2024\/#FERIE-PARA-TODOS-2024-%E2%80%93-Salon-Danes-del-Viaje\" >FERIE PARA TODOS 2024 &#8211; Sal\u00f3n Dan\u00e9s del Viaje<\/a><\/li><li class='ez-toc-page-1 ez-toc-heading-level-2'><a class=\"ez-toc-link ez-toc-heading-9\" href=\"https:\/\/eurodirections.com\/es\/ferias-europeas-de-turismo-2024\/#BTL-2024-%E2%80%93-Mercado-de-viajes\" >BTL 2024 &#8211; Mercado de viajes<\/a><\/li><li class='ez-toc-page-1 ez-toc-heading-level-2'><a class=\"ez-toc-link ez-toc-heading-10\" href=\"https:\/\/eurodirections.com\/es\/ferias-europeas-de-turismo-2024\/#ITB-Berlin-2024\" >ITB Berl\u00edn 2024<\/a><\/li><li class='ez-toc-page-1 ez-toc-heading-level-2'><a class=\"ez-toc-link ez-toc-heading-11\" href=\"https:\/\/eurodirections.com\/es\/ferias-europeas-de-turismo-2024\/#Salon-del-Turismo-Mahana-Lyon-2024\" >Sal\u00f3n del Turismo Mahana Lyon 2024<\/a><\/li><li class='ez-toc-page-1 ez-toc-heading-level-2'><a class=\"ez-toc-link ez-toc-heading-12\" href=\"https:\/\/eurodirections.com\/es\/ferias-europeas-de-turismo-2024\/#Ferien-Messe-Wien-2024-%E2%80%93-Feria-de-vacaciones-de-Austria\" >Ferien-Messe Wien 2024 &#8211; Feria de vacaciones de Austria<\/a><\/li><li class='ez-toc-page-1 ez-toc-heading-level-2'><a class=\"ez-toc-link ez-toc-heading-13\" href=\"https:\/\/eurodirections.com\/es\/ferias-europeas-de-turismo-2024\/#Para-Caravan-2024-%E2%80%93-Feria-de-Autocaravanas-y-Caravanas\" >Para Caravan 2024 &#8211; Feria de Autocaravanas y Caravanas<\/a><\/li><li class='ez-toc-page-1 ez-toc-heading-level-2'><a class=\"ez-toc-link ez-toc-heading-14\" href=\"https:\/\/eurodirections.com\/es\/ferias-europeas-de-turismo-2024\/#Mundo-de-vacaciones-y-region-Mundo-2024\" >Mundo de vacaciones y regi\u00f3n Mundo 2024<\/a><\/li><li class='ez-toc-page-1 ez-toc-heading-level-2'><a class=\"ez-toc-link ez-toc-heading-15\" href=\"https:\/\/eurodirections.com\/es\/ferias-europeas-de-turismo-2024\/#Feria-de-Turismo-del-Caucaso\" >Feria de Turismo del C\u00e1ucaso<\/a><\/li><li class='ez-toc-page-1 ez-toc-heading-level-2'><a class=\"ez-toc-link ez-toc-heading-16\" href=\"https:\/\/eurodirections.com\/es\/ferias-europeas-de-turismo-2024\/#Travel-Tech-Show-2024\" >Travel Tech Show 2024<\/a><\/li><li class='ez-toc-page-1 ez-toc-heading-level-2'><a class=\"ez-toc-link ez-toc-heading-17\" href=\"https:\/\/eurodirections.com\/es\/ferias-europeas-de-turismo-2024\/#IFTM-Top-Resa-2024\" >IFTM Top Resa 2024<\/a><\/li><li class='ez-toc-page-1 ez-toc-heading-level-2'><a class=\"ez-toc-link ez-toc-heading-18\" href=\"https:\/\/eurodirections.com\/es\/ferias-europeas-de-turismo-2024\/#ALTS-Oporto-2024\" >ALTS Oporto 2024<\/a><\/li><li class='ez-toc-page-1 ez-toc-heading-level-2'><a class=\"ez-toc-link ez-toc-heading-19\" href=\"https:\/\/eurodirections.com\/es\/ferias-europeas-de-turismo-2024\/#Experiencia-de-viaje-TTG-2024\" >Experiencia de viaje TTG 2024<\/a><\/li><li class='ez-toc-page-1 ez-toc-heading-level-2'><a class=\"ez-toc-link ez-toc-heading-20\" href=\"https:\/\/eurodirections.com\/es\/ferias-europeas-de-turismo-2024\/#Feria-de-viajes-Philoxenia-en-Grecia\" >Feria de viajes Philoxenia en Grecia<\/a><\/li><\/ul><\/nav><\/div>\n<p>La \u00faltima lista actualizada de las 20 pr\u00f3ximas ferias y conferencias de turismo m\u00e1s importantes de Europa para 2024.<\/p>\n<h2><span class=\"ez-toc-section\" id=\"Vakantiebeurs-2024\"><\/span>Vakantiebeurs 2024<span class=\"ez-toc-section-end\"><\/span><\/h2>\n<p>11 de enero &#8211; 14 de enero de 2024<br \/>\nJaarbeurs | Utrecht | Pa\u00edses Bajos<br \/>\nP\u00e1gina web oficial: www.vakantiebeurs.nl<\/p>\n<h2><span class=\"ez-toc-section\" id=\"Vakantiebeurs-2024-2\"><\/span>Vakantiebeurs 2024<span class=\"ez-toc-section-end\"><\/span><\/h2>\n<p>11 de enero &#8211; 14 de enero de 2024<br \/>\nJaarbeurs | Utrecht | Pa\u00edses Bajos<br \/>\nP\u00e1gina web oficial: www.vakantiebeurs.nl<\/p>\n<h2><span class=\"ez-toc-section\" id=\"Fitur-2024\"><\/span>Fitur 2024<span class=\"ez-toc-section-end\"><\/span><\/h2>\n<p>24 de enero &#8211; 28 de enero de 2024<br \/>\nIFEMA Madrid | Madrid | Espa\u00f1a<br \/>\nP\u00e1gina web oficial: www.ifema.es\/en\/fitur<\/p>\n<h2><span class=\"ez-toc-section\" id=\"FESPO-y-Golfmesse-Zurich-2024\"><\/span>FESPO y Golfmesse Z\u00farich 2024<span class=\"ez-toc-section-end\"><\/span><\/h2>\n<p>1 de febrero &#8211; 4 de febrero de 2024<br \/>\nExposici\u00f3n de Z\u00farich | Z\u00farich | Suiza<br \/>\nP\u00e1gina web oficial: www.fespo.ch\/en<\/p>\n<h2><span class=\"ez-toc-section\" id=\"Destinos-Salon-de-Vacaciones-y-Viajes-2024\"><\/span>Destinos: Sal\u00f3n de Vacaciones y Viajes 2024<span class=\"ez-toc-section-end\"><\/span><\/h2>\n<p>1 de febrero &#8211; 4 de febrero de 2024<br \/>\nOlympia London | Londres | Reino Unido<br \/>\nP\u00e1gina web oficial: www.destinationsshow.com<\/p>\n<h2><span class=\"ez-toc-section\" id=\"free-2024-%E2%80%93-Feria-de-viajes-y-ocio\"><\/span>f.re.e 2024 &#8211; Feria de viajes y ocio<span class=\"ez-toc-section-end\"><\/span><\/h2>\n<p>14 de febrero &#8211; 18 de febrero de 2024<br \/>\nFeria de M\u00fanich | M\u00fanich | Alemania<br \/>\nP\u00e1gina web oficial: www.free-muenchen.de<\/p>\n<h2><span class=\"ez-toc-section\" id=\"Caza-y-Pesca-de-Altura-2024\"><\/span>Caza y Pesca de Altura 2024<span class=\"ez-toc-section-end\"><\/span><\/h2>\n<p>Feria internacional de caza, pesca, aventuras al aire libre y viajes<br \/>\n22 de febrero &#8211; 25 de febrero de 2024<br \/>\nCentro de exposiciones | Salzburgo | Austria<br \/>\nP\u00e1gina web oficial: www.hohejagd.at\/hohejagd\/en-gb\/visit.html<\/p>\n<h2><span class=\"ez-toc-section\" id=\"FERIE-PARA-TODOS-2024-%E2%80%93-Salon-Danes-del-Viaje\"><\/span>FERIE PARA TODOS 2024 &#8211; Sal\u00f3n Dan\u00e9s del Viaje<span class=\"ez-toc-section-end\"><\/span><\/h2>\n<p>23 de febrero &#8211; 25 de febrero de 2024<br \/>\nMCH Exhibition Centre Herning | Herning | Dinamarca<br \/>\nP\u00e1gina web oficial: www.danishtravelshow.com<\/p>\n<h2><span class=\"ez-toc-section\" id=\"BTL-2024-%E2%80%93-Mercado-de-viajes\"><\/span>BTL 2024 &#8211; Mercado de viajes<span class=\"ez-toc-section-end\"><\/span><\/h2>\n<p>28 de febrero &#8211; 3 de marzo de 2024<br \/>\nFeria Internacional de Lisboa (FIL) | Lisboa | Portugal<br \/>\nP\u00e1gina web oficial: www.btl.fil.pt<\/p>\n<h2><span class=\"ez-toc-section\" id=\"ITB-Berlin-2024\"><\/span>ITB Berl\u00edn 2024<span class=\"ez-toc-section-end\"><\/span><\/h2>\n<p>05 de marzo &#8211; 07 de marzo de 2024<br \/>\nMesse Berlin | Berl\u00edn | Alemania<br \/>\nwww.itb.com<\/p>\n<h2><span class=\"ez-toc-section\" id=\"Salon-del-Turismo-Mahana-Lyon-2024\"><\/span>Sal\u00f3n del Turismo Mahana Lyon 2024<span class=\"ez-toc-section-end\"><\/span><\/h2>\n<p>8 de marzo &#8211; 10 de marzo de 2024<br \/>\nHalle Tony Garnier | Lyon | Francia<br \/>\nP\u00e1gina web: www.salons-du-tourisme.com\/fr-FR\/lyon<\/p>\n<h2><span class=\"ez-toc-section\" id=\"Ferien-Messe-Wien-2024-%E2%80%93-Feria-de-vacaciones-de-Austria\"><\/span>Ferien-Messe Wien 2024 &#8211; Feria de vacaciones de Austria<span class=\"ez-toc-section-end\"><\/span><\/h2>\n<p>14 de marzo &#8211; 17 de marzo de 2024<br \/>\nMesse Wien | Viena | Austria<br \/>\nP\u00e1gina web: www.ferien-messe.at<\/p>\n<h2><span class=\"ez-toc-section\" id=\"Para-Caravan-2024-%E2%80%93-Feria-de-Autocaravanas-y-Caravanas\"><\/span>Para Caravan 2024 &#8211; Feria de Autocaravanas y Caravanas<span class=\"ez-toc-section-end\"><\/span><\/h2>\n<p>15 de marzo &#8211; 17 de marzo de 2024<br \/>\nPVA Expo Praga | Praga | Rep\u00fablica Checa<br \/>\nP\u00e1gina web: www.pvaexpo.cz\/en\/event\/236<\/p>\n<h2><span class=\"ez-toc-section\" id=\"Mundo-de-vacaciones-y-region-Mundo-2024\"><\/span>Mundo de vacaciones y regi\u00f3n Mundo 2024<span class=\"ez-toc-section-end\"><\/span><\/h2>\n<p>Feria Internacional de Turismo y Turismo Regional<br \/>\n15 de marzo &#8211; 17 de marzo de 2024<br \/>\nPVA Expo Praga | Praga | Rep\u00fablica Checa<br \/>\nP\u00e1gina web: www,holidayworld.cz<\/p>\n<h2><span class=\"ez-toc-section\" id=\"Feria-de-Turismo-del-Caucaso\"><\/span>Feria de Turismo del C\u00e1ucaso<span class=\"ez-toc-section-end\"><\/span><\/h2>\n<p>12 de abril -14 de abril de 2024<br \/>\nExpoGeorgia Trade Fair Centre | Tiflis | Georgia<\/p>\n<h2><span class=\"ez-toc-section\" id=\"Travel-Tech-Show-2024\"><\/span>Travel Tech Show 2024<span class=\"ez-toc-section-end\"><\/span><\/h2>\n<p>19 de junio &#8211; 20 de junio de 2024<br \/>\nExCeL London | Londres | Reino Unido<br \/>\nP\u00e1gina web: www.traveltech-show.com<\/p>\n<h2><span class=\"ez-toc-section\" id=\"IFTM-Top-Resa-2024\"><\/span>IFTM Top Resa 2024<span class=\"ez-toc-section-end\"><\/span><\/h2>\n<p>Mercado internacional y franc\u00e9s de viajes<br \/>\n17 de septiembre &#8211; 19 de septiembre de 2024<br \/>\nPorte de Versailles | Par\u00eds | Francia<br \/>\nP\u00e1gina web: www.iftm.fr<\/p>\n<h2><span class=\"ez-toc-section\" id=\"ALTS-Oporto-2024\"><\/span>ALTS Oporto 2024<span class=\"ez-toc-section-end\"><\/span><\/h2>\n<p>23 de septiembre &#8211; 24 de septiembre de 2024<br \/>\nOporto | Portugal<br \/>\nP\u00e1gina web: altsevents.com<\/p>\n<h2><span class=\"ez-toc-section\" id=\"Experiencia-de-viaje-TTG-2024\"><\/span>Experiencia de viaje TTG 2024<span class=\"ez-toc-section-end\"><\/span><\/h2>\n<p>09 octubre &#8211; 11 octubre 2024<br \/>\nRimini Fiera SpA | Rimini | Italia<br \/>\nP\u00e1gina web: www.en.ttgexpo.it\/ttg\/info\/the-expo<\/p>\n<h2><span class=\"ez-toc-section\" id=\"Feria-de-viajes-Philoxenia-en-Grecia\"><\/span>Feria de viajes Philoxenia en Grecia<span class=\"ez-toc-section-end\"><\/span><\/h2>\n<p>14 de noviembre &#8211; 16 de noviembre de 2024<br \/>\nCentro Internacional de Exposiciones y Congresos de Sal\u00f3nica | Sal\u00f3nica | Grecia<br \/>\nP\u00e1gina web: www.philoxenia-expo.gr<\/p>\n<p>&nbsp;<\/p>\n","protected":false},"excerpt":{"rendered":"<p>La \u00faltima lista actualizada de las 20 pr\u00f3ximas ferias y conferencias de turismo m\u00e1s importantes de Europa para 2024. Vakantiebeurs 2024 11 de enero &#8211; 14 de enero de 2024 Jaarbeurs | Utrecht | Pa\u00edses Bajos P\u00e1gina web oficial: www.vakantiebeurs.nl Vakantiebeurs 2024 11 de enero &#8211; 14 de enero de 2024 Jaarbeurs | Utrecht | [&hellip;]<\/p>\n","protected":false},"author":6,"featured_media":28291,"comment_status":"closed","ping_status":"closed","sticky":false,"template":"","format":"standard","meta":{"footnotes":""},"categories":[368,351],"tags":[3339],"class_list":["post-28286","post","type-post","status-publish","format-standard","has-post-thumbnail","hentry","category-guias","category-travel-es","tag-featured-es"],"_links":{"self":[{"href":"https:\/\/eurodirections.com\/es\/wp-json\/wp\/v2\/posts\/28286","targetHints":{"allow":["GET"]}}],"collection":[{"href":"https:\/\/eurodirections.com\/es\/wp-json\/wp\/v2\/posts"}],"about":[{"href":"https:\/\/eurodirections.com\/es\/wp-json\/wp\/v2\/types\/post"}],"author":[{"embeddable":true,"href":"https:\/\/eurodirections.com\/es\/wp-json\/wp\/v2\/users\/6"}],"replies":[{"embeddable":true,"href":"https:\/\/eurodirections.com\/es\/wp-json\/wp\/v2\/comments?post=28286"}],"version-history":[{"count":0,"href":"https:\/\/eurodirections.com\/es\/wp-json\/wp\/v2\/posts\/28286\/revisions"}],"wp:featuredmedia":[{"embeddable":true,"href":"https:\/\/eurodirections.com\/es\/wp-json\/wp\/v2\/media\/28291"}],"wp:attachment":[{"href":"https:\/\/eurodirections.com\/es\/wp-json\/wp\/v2\/media?parent=28286"}],"wp:term":[{"taxonomy":"category","embeddable":true,"href":"https:\/\/eurodirections.com\/es\/wp-json\/wp\/v2\/categories?post=28286"},{"taxonomy":"post_tag","embeddable":true,"href":"https:\/\/eurodirections.com\/es\/wp-json\/wp\/v2\/tags?post=28286"}],"curies":[{"name":"wp","href":"https:\/\/api.w.org\/{rel}","templated":true}]}}